{"id":805,"date":"2024-11-08T14:41:42","date_gmt":"2024-11-08T13:41:42","guid":{"rendered":"https:\/\/www.afster.fr\/?p=805"},"modified":"2025-07-30T14:21:35","modified_gmt":"2025-07-30T12:21:35","slug":"architecte-technique-experimentee-h-f","status":"publish","type":"post","link":"https:\/\/www.afster.fr\/en\/architecte-technique-experimentee-h-f\/","title":{"rendered":"Experienced Technical Architect (M\/F)"},"content":{"rendered":"\n[et_pb_section fb_built=\u00a0\u00bb1&Prime; module_id=\u00a0\u00bbrejoindre\u00a0\u00bb _builder_version=\u00a0\u00bb4.24.2&Prime; _module_preset=\u00a0\u00bbdefault\u00a0\u00bb background_color=\u00a0\u00bb#FFFFFF\u00a0\u00bb custom_padding=\u00a0\u00bb32px||22px|||\u00a0\u00bb global_colors_info=\u00a0\u00bb{}\u00a0\u00bb theme_builder_area=\u00a0\u00bbpost_content\u00a0\u00bb][et_pb_row _builder_version=\u00a0\u00bb4.24.2&Prime; _module_preset=\u00a0\u00bbdefault\u00a0\u00bb custom_margin=\u00a0\u00bb|auto||auto|false|false\u00a0\u00bb custom_margin_tablet=\u00a0\u00bb|auto||auto|false|false\u00a0\u00bb custom_margin_phone=\u00a0\u00bb|auto||auto|false|false\u00a0\u00bb custom_margin_last_edited=\u00a0\u00bbon|desktop\u00a0\u00bb custom_padding=\u00a0\u00bb||5px|||\u00a0\u00bb global_colors_info=\u00a0\u00bb{}\u00a0\u00bb theme_builder_area=\u00a0\u00bbpost_content\u00a0\u00bb][et_pb_column type=\u00a0\u00bb4_4&Prime; _builder_version=\u00a0\u00bb4.24.2&Prime; _module_preset=\u00a0\u00bbdefault\u00a0\u00bb global_colors_info=\u00a0\u00bb{}\u00a0\u00bb theme_builder_area=\u00a0\u00bbpost_content\u00a0\u00bb][et_pb_text _builder_version=\u00a0\u00bb4.27.2&Prime; _module_preset=\u00a0\u00bbdefault\u00a0\u00bb text_text_color=\u00a0\u00bb#1FB2A0&Prime; text_letter_spacing=\u00a0\u00bb3px\u00a0\u00bb header_2_font=\u00a0\u00bb|800||on|||||\u00a0\u00bb header_2_text_color=\u00a0\u00bb#002340&Prime; custom_margin_tablet=\u00a0\u00bb\u00a0\u00bb custom_margin_phone=\u00a0\u00bb36px||||false|false\u00a0\u00bb custom_margin_last_edited=\u00a0\u00bbon|phone\u00a0\u00bb global_colors_info=\u00a0\u00bb{}\u00a0\u00bb theme_builder_area=\u00a0\u00bbpost_content\u00a0\u00bb]<h2 style=\"text-align: center;\"><span style=\"color: #000000;\">REcrutement<\/span><\/h2>\n<h2 style=\"text-align: center;\"><span style=\"color: #000000;\">Architecte Technique Exp\u00e9riment\u00e9(e)<\/span><\/h2>\n<div><\/div>[\/et_pb_text][et_pb_image src=\u00a0\u00bbhttps:\/\/www.afster.fr\/wp-content\/uploads\/2024\/08\/Design-sans-titre-20-1.png\u00a0\u00bb title_text=\u00a0\u00bbDesign sans titre (20)\u00a0\u00bb align=\u00a0\u00bbcenter\u00a0\u00bb _builder_version=\u00a0\u00bb4.24.2&Prime; _module_preset=\u00a0\u00bbdefault\u00a0\u00bb width=\u00a0\u00bb15%\u00a0\u00bb custom_margin=\u00a0\u00bb-17px|auto||auto|false|true\u00a0\u00bb global_colors_info=\u00a0\u00bb{}\u00a0\u00bb theme_builder_area=\u00a0\u00bbpost_content\u00a0\u00bb][\/et_pb_image][\/et_pb_column][\/et_pb_row][et_pb_row _builder_version=\u00a0\u00bb4.24.2&Prime; _module_preset=\u00a0\u00bbdefault\u00a0\u00bb width=\u00a0\u00bb60%\u00a0\u00bb global_colors_info=\u00a0\u00bb{}\u00a0\u00bb theme_builder_area=\u00a0\u00bbpost_content\u00a0\u00bb][et_pb_column type=\u00a0\u00bb4_4&Prime; _builder_version=\u00a0\u00bb4.24.2&Prime; _module_preset=\u00a0\u00bbdefault\u00a0\u00bb global_colors_info=\u00a0\u00bb{}\u00a0\u00bb theme_builder_area=\u00a0\u00bbpost_content\u00a0\u00bb][et_pb_text _builder_version=\u00a0\u00bb4.27.4&Prime; _module_preset=\u00a0\u00bbdefault\u00a0\u00bb custom_margin=\u00a0\u00bb||41px|||\u00a0\u00bb hover_enabled=\u00a0\u00bb0&Prime; global_colors_info=\u00a0\u00bb{}\u00a0\u00bb theme_builder_area=\u00a0\u00bbpost_content\u00a0\u00bb sticky_enabled=\u00a0\u00bb0&Prime;]<p style=\"font-weight: 400;\"><strong>Titre du poste :<\/strong> Architecte Technique Exp\u00e9riment\u00e9(e)<\/p>\n<p style=\"font-weight: 400;\"><strong>Lieu de travail :<\/strong> R\u00e9gion <span style=\"font-weight: 400;\">Auvergne-Rh\u00f4ne-Alpes<\/span><\/p>\n<p style=\"font-weight: 400;\"><strong>Type de contrat :<\/strong> CDI<\/p>\n<p style=\"font-weight: 400; text-align: justify;\"><strong>Pr\u00e9sentation de l&rsquo;entreprise : <\/strong><\/p>\n<p style=\"font-weight: 400; text-align: justify;\"><span style=\"font-weight: 400;\">Nous sommes un cabinet de conseil et d\u2019expertises en transformation digitale en plein d\u00e9veloppement, profond\u00e9ment attach\u00e9 \u00e0 la valorisation des comp\u00e9tences et des initiatives de ses consultants.<\/span><\/p>\n<p><span style=\"font-weight: 400;\">Nous recherchons les talents qui auront \u00e0 c\u0153ur de satisfaire nos clients, de s\u2019\u00e9panouir dans un environnement challengeant et bienveillant mais \u00e9galement de prendre pleinement part \u00e0 l\u2019expansion d\u2019Afster.\u00a0Primes de cooptation et d\u2019apport d\u2019affaires, s\u00e9minaires \u00e0 l\u2019\u00e9tranger, participation \u00e0 des \u00e9v\u00e9nements techs majeurs, accompagnement dans le d\u00e9veloppement de projet IT personnel\u2026 Nos avantages sont nombreux, venez les d\u00e9couvrir\u00a0!<\/span><\/p>\n<p style=\"font-weight: 400; text-align: justify;\"><strong>A propos du poste : <\/strong><\/p>\n<p style=\"font-weight: 400; text-align: justify;\"><span style=\"font-size: 14px; text-align: left;\">Nous recherchons un(e) Architecte Technique talentueux(se) pour rejoindre l\u2019\u00e9quipe de l\u2019un de nos clients et jouer un r\u00f4le cl\u00e9 dans la conception, la p\u00e9rennit\u00e9, et l&rsquo;\u00e9volution des syst\u00e8mes d\u2019information. En tant qu\u2019Architecte Technique, vous serez charg\u00e9(e) de garantir la coh\u00e9rence et la performance des infrastructures techniques, tout en veillant \u00e0 leur conformit\u00e9 avec les normes les plus r\u00e9centes.<\/span><\/p>\n<p style=\"font-weight: 400;\"><strong>Vos principales missions :<\/strong><\/p>\n<ol>\n<ul>\n<li style=\"font-weight: 400;\" aria-level=\"1\"><span style=\"font-weight: 400;\">Concevoir et valider l\u2019architecture technique du SI, en tenant compte des besoins m\u00e9tiers et des exigences de s\u00e9curit\u00e9.<\/span><\/li>\n<li style=\"font-weight: 400;\" aria-level=\"1\"><span style=\"font-weight: 400;\">\u00c9tablir des normes et standards techniques afin de structurer et d\u2019optimiser l&rsquo;infrastructure.<\/span><\/li>\n<li style=\"font-weight: 400;\" aria-level=\"1\"><span style=\"font-weight: 400;\">Assurer une veille technologique continue et analyser de nouvelles solutions pour anticiper les besoins de demain.<\/span><\/li>\n<li style=\"font-weight: 400;\" aria-level=\"1\"><span style=\"font-weight: 400;\">R\u00e9diger et promouvoir des dossiers d&rsquo;architecture aupr\u00e8s des \u00e9quipes et des parties prenantes.<\/span><\/li>\n<li style=\"font-weight: 400;\" aria-level=\"1\"><span style=\"font-weight: 400;\">Auditer les plateformes techniques en place et fournir des recommandations pour leur optimisation.<\/span><\/li>\n<\/ul>\n<\/ol>\n<p style=\"font-weight: 400;\"><b>Comp\u00e9tences techniques requises :<\/b><\/p>\n<ol>\n<ul>\n<li style=\"font-weight: 400;\" aria-level=\"1\"><span style=\"font-weight: 400;\">Ma\u00eetrise des environnements de virtualisation, notamment VMware et Docker.<\/span><\/li>\n<li style=\"font-weight: 400;\" aria-level=\"1\"><span style=\"font-weight: 400;\">Exp\u00e9rience solide avec les technologies Cloud (IAAS, Azure).<\/span><\/li>\n<li style=\"font-weight: 400;\" aria-level=\"1\"><span style=\"font-weight: 400;\">Bonne connaissance des technologies middleware (Apache, Tomcat, Java, etc.).<\/span><\/li>\n<li style=\"font-weight: 400;\" aria-level=\"1\"><span style=\"font-weight: 400;\">Familiarit\u00e9 avec les outils de s\u00e9curit\u00e9 (Firewall, Bastion, IDS\/IPS).<\/span><\/li>\n<li style=\"font-weight: 400;\" aria-level=\"1\"><span style=\"font-weight: 400;\">Capacit\u00e9 d\u2019analyse approfondie et solides comp\u00e9tences r\u00e9dactionnelles.<\/span><\/li>\n<li style=\"font-weight: 400;\" aria-level=\"1\"><span style=\"font-weight: 400;\">Cloud Computing avanc\u00e9 : Familiarit\u00e9 avec d\u2019autres fournisseurs de cloud comme AWS et Google Cloud Platform (GCP),<\/span><\/li>\n<li style=\"font-weight: 400;\" aria-level=\"1\"><span style=\"font-weight: 400;\">Connaissance des pratiques DevOps et des outils de Continuous Integration\/Continuous Deployment (CI\/CD) comme Jenkins, GitLab CI, et CircleCI.<\/span><\/li>\n<\/ul>\n<\/ol>\n<p style=\"font-weight: 400;\"><strong>Profil recherch\u00e9 :\u00a0<\/strong><\/p>\n<ul>\n<li style=\"font-weight: 400;\">Exp\u00e9rience : Minimum de 5 ans d\u2019exp\u00e9rience en tant qu\u2019Architecte Technique ou dans un r\u00f4le similaire.<\/li>\n<li style=\"font-weight: 400;\">Comp\u00e9tences interpersonnelles : Excellentes comp\u00e9tences en communication et en collaboration, avec une capacit\u00e9 \u00e0 travailler efficacement avec des \u00e9quipes multidisciplinaires.<\/li>\n<li style=\"font-weight: 400;\">Adaptabilit\u00e9 : Capacit\u00e9 \u00e0 s\u2019adapter rapidement aux nouvelles technologies et aux environnements changeants.<\/li>\n<li style=\"font-weight: 400;\">Une fibre entrepreneuriale, ADN d\u2019Afster.<\/li>\n<\/ul>\n<p><b>Informations compl\u00e9mentaires :<\/b><\/p>\n<ul>\n<li style=\"font-weight: 400;\" aria-level=\"1\"><b>Lieu de travail<\/b><span style=\"font-weight: 400;\"> : R\u00e9gion Auvergne-Rh\u00f4ne-Alpes<\/span><\/li>\n<li style=\"font-weight: 400;\" aria-level=\"1\"><b>Langues<\/b><span> : Bilingue fran\u00e7ais\/anglais<\/span><\/li>\n<\/ul>\n<p><b><br \/>Pourquoi nous rejoindre ?<\/b><span style=\"font-weight: 400;\"><br \/><\/span><span style=\"font-weight: 400;\"><br \/>Chez Afster, nous mettons nos clients et nos collaborateurs au centre de la relation via un accompagnement personnalis\u00e9, proactif et de bout en bout. Nous intervenons de la d\u00e9finition du sch\u00e9ma directeur SI jusqu&rsquo;\u00e0 sa mise en oeuvre et son maintien en conditions op\u00e9rationnelles.\u00a0<\/span><\/p>\n<p><strong>Notre valeur ajout\u00e9e ?\u00a0<\/strong><\/p>\n<p><span style=\"font-weight: 400;\">\ud83d\udc49\ud83c\udffb<\/span><span style=\"font-weight: 400;\"> Une relation partenariale solide avec nos clients<\/span><\/p>\n<p><span style=\"font-weight: 400;\">\u00a0<\/span><span style=\"font-weight: 400;\">\ud83d\udc49\ud83c\udffb<\/span><span style=\"font-weight: 400;\"> Un environnement de travail bienveillant et des parcours de carri\u00e8re\u00a0<\/span><\/p>\n<p><span style=\"font-weight: 400;\">\ud83d\udc49\ud83c\udffb<\/span><span style=\"font-weight: 400;\"> Une \u00e9quipe compl\u00e9mentaire et exp\u00e9riment\u00e9e\u00a0<\/span><\/p>\n<p><span style=\"font-weight: 400;\">\ud83d\udc49\ud83c\udffb<\/span><span style=\"font-weight: 400;\"> Une grande r\u00e9activit\u00e9\u00a0<\/span><\/p>\n<p><span style=\"font-weight: 400;\">\ud83d\udc49\ud83c\udffb<\/span><span style=\"font-weight: 400;\"> Une proximit\u00e9 g\u00e9ographique\u00a0<\/span><\/p>\n<p><span style=\"font-weight: 400;\">Rejoindre Afster, c&rsquo;est rejoindre une aventure entrepreneuriale et avoir l&rsquo;opportunit\u00e9 de contribuer activement \u00e0 son d\u00e9veloppement, suivant ses aspirations.<\/span><\/p>\n<p><b>Pr\u00eat(e) \u00e0 donner un nouvel \u00e9lan \u00e0 votre carri\u00e8re\u00a0?<\/b><\/p>\n<p style=\"font-weight: 400;\"><strong>Modalit\u00e9s de candidature :<\/strong> Si cette offre vous correspond, adressez-nous votre candidature \u00e0 <a href=\"mailto:contact@afster.fr\">contact@afster.fr<\/a><\/p>[\/et_pb_text][et_pb_button button_url=\u00a0\u00bb@ET-DC@eyJkeW5hbWljIjp0cnVlLCJjb250ZW50IjoiaG9tZV91cmwiLCJzZXR0aW5ncyI6e319@\u00a0\u00bb button_text=\u00a0\u00bbRetour accueil\u00a0\u00bb button_alignment=\u00a0\u00bbcenter\u00a0\u00bb _builder_version=\u00a0\u00bb4.24.2&Prime; _dynamic_attributes=\u00a0\u00bbbutton_url\u00a0\u00bb _module_preset=\u00a0\u00bbdefault\u00a0\u00bb custom_button=\u00a0\u00bbon\u00a0\u00bb button_text_color=\u00a0\u00bb#002340&Prime; button_bg_color=\u00a0\u00bbRGBA(255,255,255,0)\u00a0\u00bb button_border_width=\u00a0\u00bb2px\u00a0\u00bb button_border_color=\u00a0\u00bb#AE5DF0&Prime; button_icon=\u00a0\u00bb&#x34;||divi||400&Prime; button_icon_placement=\u00a0\u00bbleft\u00a0\u00bb custom_margin=\u00a0\u00bb-2px||36px||false|false\u00a0\u00bb global_colors_info=\u00a0\u00bb{}\u00a0\u00bb theme_builder_area=\u00a0\u00bbpost_content\u00a0\u00bb][\/et_pb_button][\/et_pb_column][\/et_pb_row][et_pb_row _builder_version=\u00a0\u00bb4.24.2&Prime; _module_preset=\u00a0\u00bbdefault\u00a0\u00bb positioning=\u00a0\u00bbfixed\u00a0\u00bb position_origin_f=\u00a0\u00bbbottom_right\u00a0\u00bb horizontal_offset=\u00a0\u00bb95px\u00a0\u00bb z_index=\u00a0\u00bb500&Prime; width=\u00a0\u00bb95%\u00a0\u00bb max_width=\u00a0\u00bb1500px\u00a0\u00bb custom_margin=\u00a0\u00bb23px|auto|5px|auto||\u00a0\u00bb custom_padding=\u00a0\u00bb0px||8px|||\u00a0\u00bb global_colors_info=\u00a0\u00bb{}\u00a0\u00bb theme_builder_area=\u00a0\u00bbpost_content\u00a0\u00bb][et_pb_column type=\u00a0\u00bb4_4&Prime; _builder_version=\u00a0\u00bb4.24.2&Prime; _module_preset=\u00a0\u00bbdefault\u00a0\u00bb global_colors_info=\u00a0\u00bb{}\u00a0\u00bb theme_builder_area=\u00a0\u00bbpost_content\u00a0\u00bb][et_pb_icon font_icon=\u00a0\u00bb&#xe043;||divi||400&Prime; icon_color=\u00a0\u00bb#FFFFFF\u00a0\u00bb icon_width=\u00a0\u00bb49px\u00a0\u00bb url=\u00a0\u00bb#haut\u00a0\u00bb align=\u00a0\u00bbright\u00a0\u00bb _builder_version=\u00a0\u00bb4.24.2&Prime; _module_preset=\u00a0\u00bbdefault\u00a0\u00bb global_colors_info=\u00a0\u00bb{}\u00a0\u00bb theme_builder_area=\u00a0\u00bbpost_content\u00a0\u00bb][\/et_pb_icon][\/et_pb_column][\/et_pb_row][\/et_pb_section]\n","protected":false},"excerpt":{"rendered":"<p style=\"color:#ae5df0!important;\"><span><i class=\"fa fa-calendar\" aria-hidden=\"true\">\u00a0<\/i>ASAP<\/span><span> <\/span> <span><i class=\"fa fa-globe\" aria-hidden=\"true\">\u00a0<\/i>Lyon<\/span><\/p>","protected":false},"author":3,"featured_media":0,"comment_status":"open","ping_status":"open","sticky":false,"template":"","format":"standard","meta":{"_et_pb_use_builder":"on","_et_pb_old_content":"","_et_gb_content_width":"","footnotes":""},"categories":[28],"tags":[],"class_list":["post-805","post","type-post","status-publish","format-standard","hentry","category-offres-demploi"],"_links":{"self":[{"href":"https:\/\/www.afster.fr\/en\/wp-json\/wp\/v2\/posts\/805","targetHints":{"allow":["GET"]}}],"collection":[{"href":"https:\/\/www.afster.fr\/en\/wp-json\/wp\/v2\/posts"}],"about":[{"href":"https:\/\/www.afster.fr\/en\/wp-json\/wp\/v2\/types\/post"}],"author":[{"embeddable":true,"href":"https:\/\/www.afster.fr\/en\/wp-json\/wp\/v2\/users\/3"}],"replies":[{"embeddable":true,"href":"https:\/\/www.afster.fr\/en\/wp-json\/wp\/v2\/comments?post=805"}],"version-history":[{"count":11,"href":"https:\/\/www.afster.fr\/en\/wp-json\/wp\/v2\/posts\/805\/revisions"}],"predecessor-version":[{"id":1028,"href":"https:\/\/www.afster.fr\/en\/wp-json\/wp\/v2\/posts\/805\/revisions\/1028"}],"wp:attachment":[{"href":"https:\/\/www.afster.fr\/en\/wp-json\/wp\/v2\/media?parent=805"}],"wp:term":[{"taxonomy":"category","embeddable":true,"href":"https:\/\/www.afster.fr\/en\/wp-json\/wp\/v2\/categories?post=805"},{"taxonomy":"post_tag","embeddable":true,"href":"https:\/\/www.afster.fr\/en\/wp-json\/wp\/v2\/tags?post=805"}],"curies":[{"name":"wp","href":"https:\/\/api.w.org\/{rel}","templated":true}]}}